{"id":32962,"date":"2026-04-30T09:02:43","date_gmt":"2026-04-30T01:02:43","guid":{"rendered":"https:\/\/eu.felicitysolar.com\/?p=32962"},"modified":"2026-04-02T09:20:15","modified_gmt":"2026-04-02T01:20:15","slug":"how-long-can-a-50-kwh-lithium-battery-last","status":"publish","type":"post","link":"https:\/\/eu.felicitysolar.com\/hu\/how-long-can-a-50-kwh-lithium-battery-last\/","title":{"rendered":"Mennyi ideig b\u00edrja egy 50 kWh-s l\u00edtium akkumul\u00e1tor?"},"content":{"rendered":"<p>A lakoss\u00e1gi energiat\u00e1rol\u00e1s \u00e9s a kereskedelmi tartal\u00e9k \u00e1ramell\u00e1t\u00f3 rendszerek ter\u00fclet\u00e9n az 50 kWh-s l\u00edtium akkumul\u00e1tor a f\u0151 konfigur\u00e1ci\u00f3v\u00e1 v\u00e1lt. Sok felhaszn\u00e1l\u00f3 felteszi a k\u00e9rd\u00e9st v\u00e1s\u00e1rl\u00e1s el\u0151tt: mennyi ideig b\u00edrja az 50 kWh-s akkumul\u00e1tor? Val\u00f3j\u00e1ban a v\u00e1lasz nem csak az akkumul\u00e1tor kapacit\u00e1s\u00e1n alapul. Sok m\u00e1s t\u00e9nyez\u0151 is k\u00f6zrej\u00e1tszik. Az a. fut\u00e1si idej\u00e9nek pontos meghat\u00e1roz\u00e1s\u00e1hoz<a href=\"\/all-lithium-battery\/\"> 50 kWh l\u00edtium akkumul\u00e1tor<\/a>, meg kell vizsg\u00e1lnunk a val\u00f3s alkalmaz\u00e1sokat, nem csak a kapacit\u00e1son alapul\u00f3 felt\u00e9telez\u00e9seket kell tenn\u00fcnk.<\/p>\n<h2><strong><b>I. Az a <\/b><\/strong><strong><b>50 kWh<\/b><\/strong><strong><b>\u00a0l\u00edtium akkumul\u00e1tor<\/b><\/strong><strong><b>\u00a0a Lakoss\u00e1gi alkalmaz\u00e1sokban<\/b><\/strong><\/h2>\n<p>A lakoss\u00e1gi energiat\u00e1rol\u00f3 rendszerekben az 50 kWh-s l\u00edtium akkumul\u00e1tort \u00fagy tervezt\u00e9k, hogy napelemekkel egy\u00fctt m\u0171k\u00f6dj\u00f6n. Els\u0151dleges funkci\u00f3ja az \u00e9jszakai villamosenergia-felhaszn\u00e1l\u00e1s, a cs\u00facsid\u0151szaki energiagazd\u00e1lkod\u00e1s, valamint a v\u00e9szhelyzeti tartal\u00e9k \u00e1ramell\u00e1t\u00e1s biztos\u00edt\u00e1sa \u00e1ramkimarad\u00e1s eset\u00e9n.<\/p>\n<p><img fetchpriority=\"high\" decoding=\"async\" class=\"alignnone  wp-image-32965 aligncenter\" src=\"https:\/\/eu.felicitysolar.com\/wp-content\/uploads\/2026\/04\/7-FLH96050SG2-1.webp\" alt=\"7 Flh96050sg2 (1)\" width=\"604\" height=\"604\" srcset=\"https:\/\/eu.felicitysolar.com\/wp-content\/uploads\/2026\/04\/7-FLH96050SG2-1.webp 800w, https:\/\/eu.felicitysolar.com\/wp-content\/uploads\/2026\/04\/7-FLH96050SG2-1-300x300.webp 300w, https:\/\/eu.felicitysolar.com\/wp-content\/uploads\/2026\/04\/7-FLH96050SG2-1-150x150.webp 150w, https:\/\/eu.felicitysolar.com\/wp-content\/uploads\/2026\/04\/7-FLH96050SG2-1-768x768.webp 768w, https:\/\/eu.felicitysolar.com\/wp-content\/uploads\/2026\/04\/7-FLH96050SG2-1-12x12.webp 12w, https:\/\/eu.felicitysolar.com\/wp-content\/uploads\/2026\/04\/7-FLH96050SG2-1-600x600.webp 600w, https:\/\/eu.felicitysolar.com\/wp-content\/uploads\/2026\/04\/7-FLH96050SG2-1-100x100.webp 100w\" sizes=\"(max-width: 604px) 100vw, 604px\" \/><\/p>\n<ol>\n<li>\n<h3>Napi h\u00e1ztart\u00e1si energiat\u00e1mogat\u00e1s<\/h3>\n<\/li>\n<\/ol>\n<p>\u00c1tlagos h\u00e1ztart\u00e1si k\u00f6r\u00fclm\u00e9nyek k\u00f6z\u00f6tt megfigyelhet\u0151, hogy egy 50 kWh-s l\u00edtium akkumul\u00e1tor egy-k\u00e9t napig k\u00e9pes lenne kiel\u00e9g\u00edteni a napi h\u00e1ztart\u00e1si sz\u00fcks\u00e9gleteket. A t\u00e9nyleges \u00fczemid\u0151 hosszabb lenne, ha vil\u00e1g\u00edt\u00e1sra, h\u0171t\u00e9sre, internetes t\u00e1mogat\u00e1sra \u00e9s kis k\u00e9sz\u00fcl\u00e9kekre haszn\u00e1ln\u00e1k.<\/p>\n<p>Azonban olyan h\u00e1ztart\u00e1si k\u00f6rnyezetben, ahol gyakran haszn\u00e1lnak olyan berendez\u00e9seket, mint p\u00e9ld\u00e1ul a l\u00e9gkondicion\u00e1l\u00f3, az elektromos f\u0171t\u00e9s vagy az elektromos aut\u00f3k t\u00f6lt\u00e9se, azt is megjegyezt\u00e9k, hogy az 50 kWh-s l\u00edtium akkumul\u00e1tor t\u00e9nyleges \u00fczemideje r\u00f6videbb lenne.<\/p>\n<ol start=\"2\">\n<li>\n<h3>Teljes\u00edtm\u00e9ny tartal\u00e9k \u00e1ramforr\u00e1sk\u00e9nt<\/h3>\n<\/li>\n<\/ol>\n<p>Ha egy 50 kWh-s l\u00edtium akkumul\u00e1tort els\u0151sorban sz\u00fcks\u00e9ghelyzeti tartal\u00e9krendszerk\u00e9nt helyeznek be, akkor m\u0171k\u00f6d\u00e9si ideje att\u00f3l f\u00fcgg, hogy h\u00e1ny alapvet\u0151 terhel\u00e9s van csatlakoztatva. Azonban hosszabb ideig is m\u0171k\u00f6dhet, ha csak vil\u00e1g\u00edt\u00e1si \u00e9s kommunik\u00e1ci\u00f3s berendez\u00e9seket t\u00e1mogat. A rendelkez\u00e9sre \u00e1ll\u00f3 fut\u00e1si id\u0151 azonban term\u00e9szetesen r\u00f6videbb lesz, ha nagyobb k\u00e9sz\u00fcl\u00e9keket is tartalmaznak.<\/p>\n<h2><strong><b>II. A m\u0171k\u00f6d\u00e9si idej\u00e9t befoly\u00e1sol\u00f3 kulcst\u00e9nyez\u0151k a <\/b><\/strong><strong><b>50 kWh<\/b><\/strong><strong><b>\u00a0l\u00edtium akkumul\u00e1tor<\/b><\/strong><\/h2>\n<p>B\u00e1r a n\u00e9vleges kapacit\u00e1s tov\u00e1bbra is 50 kWh, az 50 kWh-s l\u00edtium akkumul\u00e1tor t\u00e9nyleges m\u0171k\u00f6d\u00e9si idej\u00e9t sz\u00e1mos m\u0171szaki t\u00e9nyez\u0151 befoly\u00e1solja.<\/p>\n<ol>\n<li>\n<h3><strong><b>A kis\u00fcl\u00e9skezel\u00e9s m\u00e9lys\u00e9ge<\/b><\/strong><\/h3>\n<\/li>\n<\/ol>\n<p>Az akkumul\u00e1tor \u00e9lettartam\u00e1nak v\u00e9delme \u00e9rdek\u00e9ben a legt\u00f6bb rendszer nem engedi teljesen lemer\u00fclni az 50 kWh-s l\u00edtium akkumul\u00e1tort. Ehelyett egy szab\u00e1lyozott kis\u00fcl\u00e9si tartom\u00e1nyt tartanak fenn. A megfelel\u0151 kezel\u00e9s seg\u00edt egyens\u00falyt teremteni a felhaszn\u00e1lhat\u00f3 energia \u00e9s a hossz\u00fa t\u00e1v\u00fa tart\u00f3ss\u00e1g k\u00f6z\u00f6tt.<\/p>\n<ol start=\"2\">\n<li>\n<h3>H\u0151m\u00e9rs\u00e9klet \u00e9s k\u00f6rnyezeti t\u00e9nyez\u0151k<\/h3>\n<\/li>\n<\/ol>\n<p>A l\u00edtium akkumul\u00e1torokr\u00f3l ismert, hogy rendk\u00edv\u00fcl \u00e9rz\u00e9kenyek a h\u0151m\u00e9rs\u00e9kletre. M\u00edg az alacsony h\u0151m\u00e9rs\u00e9klet befoly\u00e1solhatja az akkumul\u00e1tor teljes\u00edtm\u00e9ny\u00e9t, a magas h\u0151m\u00e9rs\u00e9klet gyorsabban el\u00f6regedhet. Ez\u00e9rt az 50 kWh-s l\u00edtium akkumul\u00e1tor jobban m\u0171k\u00f6dik ellen\u0151rz\u00f6tt \u00e9s j\u00f3l szell\u0151z\u0151 k\u00f6rnyezetben.<\/p>\n<p>Ezen k\u00edv\u00fcl <a href=\"\/product\/flh96050sg2-h\/\">akkumul\u00e1torunk (FLH96050SG2)<\/a> be\u00e9p\u00edtett f\u0171t\u0151modullal \u00e9s automatikus h\u0151m\u00e9rs\u00e9klet-szab\u00e1lyoz\u00e1ssal rendelkezik, amely lehet\u0151v\u00e9 teszi az akkumul\u00e1torcsomag optim\u00e1lis teljes\u00edtm\u00e9ny\u00e9nek fenntart\u00e1s\u00e1t alacsony h\u0151m\u00e9rs\u00e9klet\u0171 k\u00f6rnyezetben.<\/p>\n<p><img decoding=\"async\" class=\"wp-image-32966 aligncenter\" src=\"https:\/\/eu.felicitysolar.com\/wp-content\/uploads\/2026\/04\/7-Optional-Heating-Modules-scaled.webp\" alt=\"7 Optional Heating Modules\" width=\"747\" height=\"747\" srcset=\"https:\/\/eu.felicitysolar.com\/wp-content\/uploads\/2026\/04\/7-Optional-Heating-Modules-scaled.webp 2560w, https:\/\/eu.felicitysolar.com\/wp-content\/uploads\/2026\/04\/7-Optional-Heating-Modules-300x300.webp 300w, https:\/\/eu.felicitysolar.com\/wp-content\/uploads\/2026\/04\/7-Optional-Heating-Modules-1024x1024.webp 1024w, https:\/\/eu.felicitysolar.com\/wp-content\/uploads\/2026\/04\/7-Optional-Heating-Modules-150x150.webp 150w, https:\/\/eu.felicitysolar.com\/wp-content\/uploads\/2026\/04\/7-Optional-Heating-Modules-768x768.webp 768w, https:\/\/eu.felicitysolar.com\/wp-content\/uploads\/2026\/04\/7-Optional-Heating-Modules-1536x1536.webp 1536w, https:\/\/eu.felicitysolar.com\/wp-content\/uploads\/2026\/04\/7-Optional-Heating-Modules-2048x2048.webp 2048w, https:\/\/eu.felicitysolar.com\/wp-content\/uploads\/2026\/04\/7-Optional-Heating-Modules-12x12.webp 12w, https:\/\/eu.felicitysolar.com\/wp-content\/uploads\/2026\/04\/7-Optional-Heating-Modules-600x600.webp 600w, https:\/\/eu.felicitysolar.com\/wp-content\/uploads\/2026\/04\/7-Optional-Heating-Modules-100x100.webp 100w\" sizes=\"(max-width: 747px) 100vw, 747px\" \/><\/p>\n<ol start=\"3\">\n<li>\n<h3>Inverter hat\u00e9konys\u00e1g<\/h3>\n<\/li>\n<\/ol>\n<p>Mivel az akkumul\u00e1torok egyen\u00e1ram\u00fa (DC) \u00e1ramot tartalmaznak, inverterre van sz\u00fcks\u00e9g ahhoz, hogy az elektromoss\u00e1got v\u00e1ltakoz\u00f3 \u00e1ramm\u00e1 (AC) alak\u00edtsa \u00e1t az otthonokban vagy irod\u00e1kban. B\u00e1r ez nem befoly\u00e1solja az 50 kWh-s l\u00edtium akkumul\u00e1tor \u00fczemidej\u00e9t, a t\u00e9nyleges kimeneti id\u0151 enyhe cs\u00f6kken\u00e9s\u00e9t okozhatja.<\/p>\n<h2><strong><b>III. Hogyan lehet meghosszabb\u00edtani a haszn\u00e1lati id\u0151t a <\/b><\/strong><strong><b>50 kWh<\/b><\/strong><strong><b>\u00a0L\u00edtium akkumul\u00e1tor<\/b><\/strong><\/h2>\n<p>Megfelel\u0151 tervez\u00e9ssel \u00e9s rendszeroptimaliz\u00e1l\u00e1ssal az 50 kWh-s l\u00edtium akkumul\u00e1tor hat\u00e9konys\u00e1ga jelent\u0151sen n\u00f6velhet\u0151.<\/p>\n<ol>\n<li>\n<h3>A terhel\u00e9seloszt\u00e1s optimaliz\u00e1l\u00e1sa<\/h3>\n<\/li>\n<\/ol>\n<p>A l\u00e9tfontoss\u00e1g\u00fa k\u00e9sz\u00fcl\u00e9kek haszn\u00e1lat\u00e1nak el\u0151nyben r\u00e9szes\u00edt\u00e9se \u00e9s a nagy teljes\u00edtm\u00e9ny\u0171 k\u00e9sz\u00fcl\u00e9kek haszn\u00e1lata a maxim\u00e1lis napenergia-termel\u00e9s id\u0151szak\u00e1ban megn\u00f6velheti az 50 kWh-s l\u00edtium akkumul\u00e1tor haszn\u00e1lati idej\u00e9t.<\/p>\n<ol start=\"2\">\n<li>\n<h3>Intelligens energiagazd\u00e1lkod\u00e1s<\/h3>\n<\/li>\n<\/ol>\n<p>Az intelligens energiagazd\u00e1lkod\u00e1s alkalmaz\u00e1sa az 50 kWh-s l\u00edtium akkumul\u00e1tor hat\u00e9konys\u00e1g\u00e1t is n\u00f6velheti, mivel a felhaszn\u00e1l\u00f3k hat\u00e9konyabban tudj\u00e1k kezelni a haszn\u00e1lati id\u0151szakokat.<\/p>\n<ol start=\"3\">\n<li>\n<h3>Rendszeres rendszerfigyel\u00e9s<\/h3>\n<\/li>\n<\/ol>\n<p>A rendszeres rendszerellen\u0151rz\u00e9s az 50 kWh-s l\u00edtium akkumul\u00e1tor hat\u00e9konys\u00e1g\u00e1t is n\u00f6velheti, mivel a rendszer optim\u00e1lisan tud m\u0171k\u00f6dni stabil k\u00f6rnyezetben.<\/p>\n<h2><strong><b>K\u00f6vetkeztet\u00e9s<\/b><\/strong><\/h2>\n<p>Nincs konkr\u00e9t sz\u00e1m, amely meghat\u00e1rozn\u00e1 az 50 kWh-s akkumul\u00e1tor t\u00e9nyleges \u00fczemidej\u00e9t. Az 50 kWh-s l\u00edtium akkumul\u00e1tor t\u00e9nyleges \u00fczemideje a terhel\u00e9si profilt\u00f3l, a k\u00f6rnyezeti t\u00e9nyez\u0151kt\u0151l \u00e9s a rendszer kezel\u00e9s\u00e9t\u0151l f\u00fcgg. Megfelel\u0151 kezel\u00e9s \u00e9s haszn\u00e1lat mellett az akkumul\u00e1tor napi \u00e1ramell\u00e1t\u00e1sra \u00e9s kereskedelmi v\u00e9sz\u00e1ramell\u00e1t\u00e1sra egyar\u00e1nt haszn\u00e1lhat\u00f3.<\/p>\n<p><a href=\"\/\">Felicity Solar<\/a> \u00e1tfog\u00f3 napelemes \u00e9s energiat\u00e1rol\u00e1si megold\u00e1sokat k\u00edn\u00e1l, bele\u00e9rtve az 50 kWh-s l\u00edtium akkumul\u00e1tort tartalmaz\u00f3 rendszerterveket. Megfelel\u0151 rendszerilleszt\u00e9ssel \u00e9s hat\u00e9kony energiagazd\u00e1lkod\u00e1ssal az \u00fcgyfelek stabil t\u00e1pell\u00e1t\u00e1st \u00e9lvezhetnek, \u00e9s a legt\u00f6bbet hozhatj\u00e1k ki 50 kWh-s l\u00edtium akkumul\u00e1torukb\u00f3l.<\/p>","protected":false},"excerpt":{"rendered":"<p>A lakoss\u00e1gi energiat\u00e1rol\u00e1s \u00e9s a kereskedelmi tartal\u00e9k \u00e1ramell\u00e1t\u00f3 rendszerek ter\u00fclet\u00e9n az 50 kWh-s l\u00edtium akkumul\u00e1tor a f\u0151 konfigur\u00e1ci\u00f3v\u00e1 v\u00e1lt. Sok felhaszn\u00e1l\u00f3 felteszi a k\u00e9rd\u00e9st v\u00e1s\u00e1rl\u00e1s el\u0151tt: mennyi ideig b\u00edrja az 50 kWh-s akkumul\u00e1tor? Val\u00f3j\u00e1ban a v\u00e1lasz nem csak az akkumul\u00e1tor kapacit\u00e1s\u00e1n alapul. Sok m\u00e1s t\u00e9nyez\u0151 is k\u00f6zrej\u00e1tszik. Pontosan [\u2026]<\/p>","protected":false},"author":1,"featured_media":32966,"comment_status":"closed","ping_status":"closed","sticky":false,"template":"","format":"standard","meta":{"site-sidebar-layout":"default","site-content-layout":"","ast-site-content-layout":"default","site-content-style":"default","site-sidebar-style":"default","ast-global-header-display":"","ast-banner-title-visibility":"","ast-main-header-display":"","ast-hfb-above-header-display":"","ast-hfb-below-header-display":"","ast-hfb-mobile-header-display":"","site-post-title":"","ast-breadcrumbs-content":"","ast-featured-img":"","footer-sml-layout":"","theme-transparent-header-meta":"default","adv-header-id-meta":"","stick-header-meta":"default","header-above-stick-meta":"","header-main-stick-meta":"","header-below-stick-meta":"","astra-migrate-meta-layouts":"set","ast-page-background-enabled":"default","ast-page-background-meta":{"desktop":{"background-color":"","background-image":"","background-repeat":"repeat","background-position":"center center","background-size":"auto","background-attachment":"scroll","background-type":"","background-media":"","overlay-type":"","overlay-color":"","overlay-opacity":"","overlay-gradient":""},"tablet":{"background-color":"","background-image":"","background-repeat":"repeat","background-position":"center center","background-size":"auto","background-attachment":"scroll","background-type":"","background-media":"","overlay-type":"","overlay-color":"","overlay-opacity":"","overlay-gradient":""},"mobile":{"background-color":"","background-image":"","background-repeat":"repeat","background-position":"center center","background-size":"auto","background-attachment":"scroll","background-type":"","background-media":"","overlay-type":"","overlay-color":"","overlay-opacity":"","overlay-gradient":""}},"ast-content-background-meta":{"desktop":{"background-color":"var(--ast-global-color-5)","background-image":"","background-repeat":"repeat","background-position":"center center","background-size":"auto","background-attachment":"scroll","background-type":"","background-media":"","overlay-type":"","overlay-color":"","overlay-opacity":"","overlay-gradient":""},"tablet":{"background-color":"var(--ast-global-color-5)","background-image":"","background-repeat":"repeat","background-position":"center center","background-size":"auto","background-attachment":"scroll","background-type":"","background-media":"","overlay-type":"","overlay-color":"","overlay-opacity":"","overlay-gradient":""},"mobile":{"background-color":"var(--ast-global-color-5)","background-image":"","background-repeat":"repeat","background-position":"center center","background-size":"auto","background-attachment":"scroll","background-type":"","background-media":"","overlay-type":"","overlay-color":"","overlay-opacity":"","overlay-gradient":""}},"footnotes":""},"categories":[1],"tags":[],"class_list":["post-32962","post","type-post","status-publish","format-standard","has-post-thumbnail","hentry","category-news"],"acf":[],"_links":{"self":[{"href":"https:\/\/eu.felicitysolar.com\/hu\/wp-json\/wp\/v2\/posts\/32962","targetHints":{"allow":["GET"]}}],"collection":[{"href":"https:\/\/eu.felicitysolar.com\/hu\/wp-json\/wp\/v2\/posts"}],"about":[{"href":"https:\/\/eu.felicitysolar.com\/hu\/wp-json\/wp\/v2\/types\/post"}],"author":[{"embeddable":true,"href":"https:\/\/eu.felicitysolar.com\/hu\/wp-json\/wp\/v2\/users\/1"}],"replies":[{"embeddable":true,"href":"https:\/\/eu.felicitysolar.com\/hu\/wp-json\/wp\/v2\/comments?post=32962"}],"version-history":[{"count":2,"href":"https:\/\/eu.felicitysolar.com\/hu\/wp-json\/wp\/v2\/posts\/32962\/revisions"}],"predecessor-version":[{"id":32978,"href":"https:\/\/eu.felicitysolar.com\/hu\/wp-json\/wp\/v2\/posts\/32962\/revisions\/32978"}],"wp:featuredmedia":[{"embeddable":true,"href":"https:\/\/eu.felicitysolar.com\/hu\/wp-json\/wp\/v2\/media\/32966"}],"wp:attachment":[{"href":"https:\/\/eu.felicitysolar.com\/hu\/wp-json\/wp\/v2\/media?parent=32962"}],"wp:term":[{"taxonomy":"category","embeddable":true,"href":"https:\/\/eu.felicitysolar.com\/hu\/wp-json\/wp\/v2\/categories?post=32962"},{"taxonomy":"post_tag","embeddable":true,"href":"https:\/\/eu.felicitysolar.com\/hu\/wp-json\/wp\/v2\/tags?post=32962"}],"curies":[{"name":"WP","href":"https:\/\/api.w.org\/{rel}","templated":true}]}}